{"id":1266,"date":"2009-02-21T16:42:58","date_gmt":"2009-02-21T16:42:58","guid":{"rendered":"https:\/\/www.kurbitur.net\/?p=1266"},"modified":"2009-02-21T16:42:58","modified_gmt":"2009-02-21T16:42:58","slug":"sitjandi","status":"publish","type":"post","link":"https:\/\/www.kurbitur.net\/index.php\/2009\/02\/21\/sitjandi\/","title":{"rendered":"\u00cd g\u00f6ngufer\u00f0"},"content":{"rendered":"<p><!-- .flickr-photo { border: solid 2px #000000; } .flickr-yourcomment { } .flickr-frame { text-align: left; padding: 3px; } .flickr-caption { font-size: 0.8em; margin-top: 0px; } --><\/p>\n<div class=\"flickr-frame\"><a title=\"photo sharing\" href=\"http:\/\/www.flickr.com\/photos\/kurbitur\/3940996735\/\"><img decoding=\"async\" class=\"flickr-photo\" src=\"http:\/\/farm4.static.flickr.com\/3492\/3940996735_fb01a3d190.jpg\" alt=\"\" \/><\/a><\/div>\n<div class=\"flickr-frame\">Vi\u00f0 f\u00f3rum saman \u00ed g\u00f6ngufer\u00f0 vi\u00f0 tv\u00f6, Hrafn Tj\u00f6rvi og \u00e9g. Honum hefur hefur ekki gengi\u00f0 neitt s\u00e9rstaklega vel a\u00f0 l\u00falla \u00ed dag \u00feannig a\u00f0 m\u00e9r datt \u00ed hug a\u00f0 hann myndi kanski vilja taka auka h\u00e6nublund \u00ed vagninum. \u00dea\u00f0 var rangur miskilningur. Hann var ekkert \u00e1 \u00fev\u00ed og kvarta\u00f0i mestmegni\u00f0 af g\u00f6ngunni \u00feanga\u00f0 til mamman l\u00e9t undan og leyf\u00f0i honum a\u00f0 setjast upp og horfa \u00ed kringum sig. Drengurinn var mj\u00f6g s\u00e1ttur vi\u00f0 \u00fea\u00f0, enda rosalega gaman a\u00f0 sko\u00f0a tr\u00e9n og b\u00edlana og lj\u00f3sastaurana.. \u00de\u00e1 er bara a\u00f0 vona a\u00f0 hann geti haldi\u00f0 s\u00e9r vakandi til \u00e1tta \u00ed kv\u00f6ld \ud83d\ude42<\/p>\n<ul style=\"display: none;\">\n<li><\/li>\n<\/ul>\n<\/div>\n<div class=\"flickr-frame\">\n<ul style=\"display: none;\">\n<li><\/li>\n<\/ul>\n<p><em style=\"display: none;\"><\/em><\/p>\n<ul style=\"display: none;\">\n<li><a href=\"http:\/\/pornhrom.ucoz.ru\/news\/2010-01-04-30\">\u043f\u043e\u0440\u043d\u043e \u043e\u043d\u043b\u0430\u0439\u043d \u043f\u044c\u044f\u043d\u044b\u0435<\/a><\/li>\n<\/ul>\n<\/div>\n<p class=\"flickr-yourcomment\">\n","protected":false},"excerpt":{"rendered":"<p>Vi\u00f0 f\u00f3rum saman \u00ed g\u00f6ngufer\u00f0 vi\u00f0 tv\u00f6, Hrafn Tj\u00f6rvi og \u00e9g. Honum hefur hefur ekki gengi\u00f0 neitt s\u00e9rstaklega vel a\u00f0 l\u00falla \u00ed dag \u00feannig a\u00f0 m\u00e9r datt \u00ed hug a\u00f0 hann myndi kanski vilja taka auka h\u00e6nublund \u00ed vagninum. \u00dea\u00f0 var rangur miskilningur. Hann var ekkert \u00e1 \u00fev\u00ed og kvarta\u00f0i mestmegni\u00f0 af g\u00f6ngunni \u00feanga\u00f0 til &hellip; <a href=\"https:\/\/www.kurbitur.net\/index.php\/2009\/02\/21\/sitjandi\/\" class=\"more-link\">Continue reading <span class=\"screen-reader-text\">\u00cd g\u00f6ngufer\u00f0<\/span> <span class=\"meta-nav\">&rarr;<\/span><\/a><\/p>\n","protected":false},"author":2,"featured_media":0,"comment_status":"open","ping_status":"closed","sticky":false,"template":"","format":"standard","meta":{"footnotes":""},"categories":[7],"tags":[],"class_list":["post-1266","post","type-post","status-publish","format-standard","hentry","category-bornin"],"_links":{"self":[{"href":"https:\/\/www.kurbitur.net\/index.php\/wp-json\/wp\/v2\/posts\/1266","targetHints":{"allow":["GET"]}}],"collection":[{"href":"https:\/\/www.kurbitur.net\/index.php\/wp-json\/wp\/v2\/posts"}],"about":[{"href":"https:\/\/www.kurbitur.net\/index.php\/wp-json\/wp\/v2\/types\/post"}],"author":[{"embeddable":true,"href":"https:\/\/www.kurbitur.net\/index.php\/wp-json\/wp\/v2\/users\/2"}],"replies":[{"embeddable":true,"href":"https:\/\/www.kurbitur.net\/index.php\/wp-json\/wp\/v2\/comments?post=1266"}],"version-history":[{"count":0,"href":"https:\/\/www.kurbitur.net\/index.php\/wp-json\/wp\/v2\/posts\/1266\/revisions"}],"wp:attachment":[{"href":"https:\/\/www.kurbitur.net\/index.php\/wp-json\/wp\/v2\/media?parent=1266"}],"wp:term":[{"taxonomy":"category","embeddable":true,"href":"https:\/\/www.kurbitur.net\/index.php\/wp-json\/wp\/v2\/categories?post=1266"},{"taxonomy":"post_tag","embeddable":true,"href":"https:\/\/www.kurbitur.net\/index.php\/wp-json\/wp\/v2\/tags?post=1266"}],"curies":[{"name":"wp","href":"https:\/\/api.w.org\/{rel}","templated":true}]}}