{"id":390,"date":"2005-06-18T12:54:00","date_gmt":"2005-06-18T12:54:00","guid":{"rendered":"https:\/\/www.kurbitur.net\/?p=390"},"modified":"2005-06-18T12:54:00","modified_gmt":"2005-06-18T12:54:00","slug":"390","status":"publish","type":"post","link":"https:\/\/www.kurbitur.net\/index.php\/2005\/06\/18\/390\/","title":{"rendered":""},"content":{"rendered":"<p>h\u00e6<br \/>\u00fea\u00f0 hefur veri\u00f0 l\u00edti\u00f0 um svona hef\u00f0bundi\u00f0 skrifblogg \u00e1 k\u00farb\u00edtnum a\u00f0 undanf\u00f6rnu. \u00fea\u00f0 er svona \u00feegar ma\u00f0ur ver\u00f0ur upptekinn af n\u00fdrri t\u00e6kni \u00fe\u00e1 er svo gaman a\u00f0 pr\u00f3fa. Annars er b\u00fai\u00f0 a\u00f0 vera ansi gaman hj\u00e1 okkur s\u00ed\u00f0ustu daga. b\u00fai\u00f0 a\u00f0 vera fr\u00e1b\u00e6rt ve\u00f0ur \u00ed borginni. \u00fea\u00f0 er b\u00fai\u00f0 a\u00f0 ganga \u00e1g\u00e6tlega hj\u00e1 m\u00e9r \u00ed sk\u00f3lanum \u00ed vikunni og \u00fdmis vafaatri\u00f0i a\u00f0 komast \u00e1 hreint (loksins) og \u00e9g loksins b\u00fain a\u00f0 f\u00e1 einkunninar m\u00ednar sem \u00e9g er mj\u00f6g \u00e1n\u00e6g\u00f0 me\u00f0. Sautj\u00e1ndinn var fr\u00e1b\u00e6r enda ekki h\u00e6gt anna\u00f0 en a\u00f0 skemmta s\u00e9r \u00ed svona ve\u00f0urbl\u00ed\u00f0u. \u00fea\u00f0 er samt alltaf f\u00falt a\u00f0 missa af karmelluregninu \u00ed nesjunum&#8230; <br \/>eitt sem \u00e9g var a\u00f0 sp\u00e1 \u00ed. \u00e6tli \u00fea\u00f0 hafi bara veri\u00f0 ve\u00f0rinu a\u00f0 kenna a\u00f0 \u00fea\u00f0 lei\u00f0 yfir f\u00f3lki\u00f0 \u00ed mi\u00f0ri r\u00e6\u00f0u fors\u00e6tisr\u00e1\u00f0herra \u00ed g\u00e6r? kanski lei\u00f0 f\u00f3lki\u00f0 \u00fat af af lei\u00f0indum.. m\u00e9r finnst halld\u00f3r allavega ekki vera neitt s\u00e9rlega hressilegur?!? en n\u00fana er \u00fea\u00f0 landsleikurinn.. vi\u00f0 eigum eftir a\u00f0 r\u00fassssta \u00feessum hv\u00edtr\u00fasssum.<\/p>\n","protected":false},"excerpt":{"rendered":"<p>h\u00e6\u00fea\u00f0 hefur veri\u00f0 l\u00edti\u00f0 um svona hef\u00f0bundi\u00f0 skrifblogg \u00e1 k\u00farb\u00edtnum a\u00f0 undanf\u00f6rnu. \u00fea\u00f0 er svona \u00feegar ma\u00f0ur ver\u00f0ur upptekinn af n\u00fdrri t\u00e6kni \u00fe\u00e1 er svo gaman a\u00f0 pr\u00f3fa. Annars er b\u00fai\u00f0 a\u00f0 vera ansi gaman hj\u00e1 okkur s\u00ed\u00f0ustu daga. b\u00fai\u00f0 a\u00f0 vera fr\u00e1b\u00e6rt ve\u00f0ur \u00ed borginni. \u00fea\u00f0 er b\u00fai\u00f0 a\u00f0 ganga \u00e1g\u00e6tlega hj\u00e1 m\u00e9r \u00ed &hellip; <a href=\"https:\/\/www.kurbitur.net\/index.php\/2005\/06\/18\/390\/\" class=\"more-link\">Continue reading <span class=\"screen-reader-text\"><\/span> <span class=\"meta-nav\">&rarr;<\/span><\/a><\/p>\n","protected":false},"author":2,"featured_media":0,"comment_status":"open","ping_status":"open","sticky":false,"template":"","format":"standard","meta":{"footnotes":""},"categories":[4],"tags":[],"class_list":["post-390","post","type-post","status-publish","format-standard","hentry","category-almennt"],"_links":{"self":[{"href":"https:\/\/www.kurbitur.net\/index.php\/wp-json\/wp\/v2\/posts\/390","targetHints":{"allow":["GET"]}}],"collection":[{"href":"https:\/\/www.kurbitur.net\/index.php\/wp-json\/wp\/v2\/posts"}],"about":[{"href":"https:\/\/www.kurbitur.net\/index.php\/wp-json\/wp\/v2\/types\/post"}],"author":[{"embeddable":true,"href":"https:\/\/www.kurbitur.net\/index.php\/wp-json\/wp\/v2\/users\/2"}],"replies":[{"embeddable":true,"href":"https:\/\/www.kurbitur.net\/index.php\/wp-json\/wp\/v2\/comments?post=390"}],"version-history":[{"count":0,"href":"https:\/\/www.kurbitur.net\/index.php\/wp-json\/wp\/v2\/posts\/390\/revisions"}],"wp:attachment":[{"href":"https:\/\/www.kurbitur.net\/index.php\/wp-json\/wp\/v2\/media?parent=390"}],"wp:term":[{"taxonomy":"category","embeddable":true,"href":"https:\/\/www.kurbitur.net\/index.php\/wp-json\/wp\/v2\/categories?post=390"},{"taxonomy":"post_tag","embeddable":true,"href":"https:\/\/www.kurbitur.net\/index.php\/wp-json\/wp\/v2\/tags?post=390"}],"curies":[{"name":"wp","href":"https:\/\/api.w.org\/{rel}","templated":true}]}}