{"id":393,"date":"2005-06-19T11:31:00","date_gmt":"2005-06-19T11:31:00","guid":{"rendered":"https:\/\/www.kurbitur.net\/?p=393"},"modified":"2005-06-19T11:31:00","modified_gmt":"2005-06-19T11:31:00","slug":"393","status":"publish","type":"post","link":"https:\/\/www.kurbitur.net\/index.php\/2005\/06\/19\/393\/","title":{"rendered":""},"content":{"rendered":"<p>\u00ed dag \u00e1 mj\u00f6g <a href=\"http:\/\/www.mbl.is\/mm\/frettir\/erlent\/frett.html?nid=1144272\">merkileg kona afm\u00e6li<\/a>. \u00fea\u00f0 er h\u00fan Aung San Suu Kyi. m\u00e9r finnst merkilegt a\u00f0 h\u00fan eigi afm\u00e6li \u00e1 \u00feessum degi. 19. j\u00fan\u00ed er j\u00fa afm\u00e6lisdagur kosningar\u00e9ttar kvenna \u00e1 \u00cdslandi og haldi\u00f0 er upp \u00e1 90 \u00e1ra afm\u00e6li \u00feess \u00ed dag. til hamingju me\u00f0 afm\u00e6li\u00f0 \u00f6ll \ud83d\ude42<\/p>\n","protected":false},"excerpt":{"rendered":"<p>\u00ed dag \u00e1 mj\u00f6g merkileg kona afm\u00e6li. \u00fea\u00f0 er h\u00fan Aung San Suu Kyi. m\u00e9r finnst merkilegt a\u00f0 h\u00fan eigi afm\u00e6li \u00e1 \u00feessum degi. 19. j\u00fan\u00ed er j\u00fa afm\u00e6lisdagur kosningar\u00e9ttar kvenna \u00e1 \u00cdslandi og haldi\u00f0 er upp \u00e1 90 \u00e1ra afm\u00e6li \u00feess \u00ed dag. til hamingju me\u00f0 afm\u00e6li\u00f0 \u00f6ll \ud83d\ude42<\/p>\n","protected":false},"author":2,"featured_media":0,"comment_status":"open","ping_status":"open","sticky":false,"template":"","format":"standard","meta":{"footnotes":""},"categories":[4],"tags":[],"class_list":["post-393","post","type-post","status-publish","format-standard","hentry","category-almennt"],"_links":{"self":[{"href":"https:\/\/www.kurbitur.net\/index.php\/wp-json\/wp\/v2\/posts\/393","targetHints":{"allow":["GET"]}}],"collection":[{"href":"https:\/\/www.kurbitur.net\/index.php\/wp-json\/wp\/v2\/posts"}],"about":[{"href":"https:\/\/www.kurbitur.net\/index.php\/wp-json\/wp\/v2\/types\/post"}],"author":[{"embeddable":true,"href":"https:\/\/www.kurbitur.net\/index.php\/wp-json\/wp\/v2\/users\/2"}],"replies":[{"embeddable":true,"href":"https:\/\/www.kurbitur.net\/index.php\/wp-json\/wp\/v2\/comments?post=393"}],"version-history":[{"count":0,"href":"https:\/\/www.kurbitur.net\/index.php\/wp-json\/wp\/v2\/posts\/393\/revisions"}],"wp:attachment":[{"href":"https:\/\/www.kurbitur.net\/index.php\/wp-json\/wp\/v2\/media?parent=393"}],"wp:term":[{"taxonomy":"category","embeddable":true,"href":"https:\/\/www.kurbitur.net\/index.php\/wp-json\/wp\/v2\/categories?post=393"},{"taxonomy":"post_tag","embeddable":true,"href":"https:\/\/www.kurbitur.net\/index.php\/wp-json\/wp\/v2\/tags?post=393"}],"curies":[{"name":"wp","href":"https:\/\/api.w.org\/{rel}","templated":true}]}}