{"id":971,"date":"2008-06-15T16:25:24","date_gmt":"2008-06-15T16:25:24","guid":{"rendered":"https:\/\/www.kurbitur.net\/?p=971"},"modified":"2008-06-15T16:25:24","modified_gmt":"2008-06-15T16:25:24","slug":"frissbi","status":"publish","type":"post","link":"https:\/\/www.kurbitur.net\/index.php\/2008\/06\/15\/frissbi\/","title":{"rendered":"Frissb\u00ed"},"content":{"rendered":"<p><a title=\"photo sharing\" href=\"http:\/\/www.flickr.com\/photos\/kurbitur\/2581096498\/\"><img decoding=\"async\" class=\"flickr-photo\" src=\"http:\/\/farm4.static.flickr.com\/3009\/2581096498_4b94f90386.jpg\" alt=\"\" \/><\/a><\/p>\n<div class=\"flickr-frame\">\n<p>\u00a0<\/p>\n<p><span class=\"flickr-caption\"><a href=\"http:\/\/www.flickr.com\/photos\/kurbitur\/2581096498\/\">Frissb\u00ed<\/a>, originally uploaded by <a href=\"http:\/\/www.flickr.com\/people\/kurbitur\/\">k\u00farb\u00edtur p\u00fanktur net<\/a>.<\/span><\/p>\n<\/div>\n<p class=\"flickr-yourcomment\">\u00c9g og gl\u00f3i erum \u00fati \u00ed gar\u00f0i \u00e1 Hraunh\u00f3lnum \u00ed frissb\u00ed.. Er a\u00f0 reyna a\u00f0 kenna honum a\u00f0 gr\u00edpa frissb\u00eddiskinn en \u00fea\u00f0 gengur ekkert allt of vel.. \u00dea\u00f0 er reyndar ekki gl\u00f3a a\u00f0 kenna heldur m\u00e9r, \u00e9g hitti ekkert svakalega vel \u00ed kjammann \u00e1 honum.. er eiginlega langt fr\u00e1 \u00fev\u00ed.\u00a0<\/p>\n<p class=\"flickr-yourcomment\">Erum sko enn\u00fe\u00e1 \u00ed sumarfr\u00edi.. f\u00f6rum ekki aftur \u00ed vinnunna fyrr en \u00e1 mi\u00f0vikudaginn! isss.. langt \u00feanga\u00f0 til! Erum n\u00fana a\u00f0 hafa \u00fea\u00f0 gott \u00ed Nesjunum. \u00dea\u00f0 er yndislegt. F\u00f3r \u00ed g\u00e6r \u00ed molli\u00f0 \u00ed mi\u00f0b\u00e6num og keypti m\u00e9r tvo geisladiska og sk\u00f3. Um a\u00f0 gera a\u00f0 nota t\u00e6kif\u00e6ri\u00f0 \u00feegar ma\u00f0ur kemur \u00ed menninguna og versla soldi\u00f0..\u00a0<\/p>\n","protected":false},"excerpt":{"rendered":"<p>\u00a0 Frissb\u00ed, originally uploaded by k\u00farb\u00edtur p\u00fanktur net. \u00c9g og gl\u00f3i erum \u00fati \u00ed gar\u00f0i \u00e1 Hraunh\u00f3lnum \u00ed frissb\u00ed.. Er a\u00f0 reyna a\u00f0 kenna honum a\u00f0 gr\u00edpa frissb\u00eddiskinn en \u00fea\u00f0 gengur ekkert allt of vel.. \u00dea\u00f0 er reyndar ekki gl\u00f3a a\u00f0 kenna heldur m\u00e9r, \u00e9g hitti ekkert svakalega vel \u00ed kjammann \u00e1 honum.. er eiginlega &hellip; <a href=\"https:\/\/www.kurbitur.net\/index.php\/2008\/06\/15\/frissbi\/\" class=\"more-link\">Continue reading <span class=\"screen-reader-text\">Frissb\u00ed<\/span> <span class=\"meta-nav\">&rarr;<\/span><\/a><\/p>\n","protected":false},"author":2,"featured_media":0,"comment_status":"open","ping_status":"open","sticky":false,"template":"","format":"standard","meta":{"footnotes":""},"categories":[4],"tags":[],"class_list":["post-971","post","type-post","status-publish","format-standard","hentry","category-almennt"],"_links":{"self":[{"href":"https:\/\/www.kurbitur.net\/index.php\/wp-json\/wp\/v2\/posts\/971","targetHints":{"allow":["GET"]}}],"collection":[{"href":"https:\/\/www.kurbitur.net\/index.php\/wp-json\/wp\/v2\/posts"}],"about":[{"href":"https:\/\/www.kurbitur.net\/index.php\/wp-json\/wp\/v2\/types\/post"}],"author":[{"embeddable":true,"href":"https:\/\/www.kurbitur.net\/index.php\/wp-json\/wp\/v2\/users\/2"}],"replies":[{"embeddable":true,"href":"https:\/\/www.kurbitur.net\/index.php\/wp-json\/wp\/v2\/comments?post=971"}],"version-history":[{"count":0,"href":"https:\/\/www.kurbitur.net\/index.php\/wp-json\/wp\/v2\/posts\/971\/revisions"}],"wp:attachment":[{"href":"https:\/\/www.kurbitur.net\/index.php\/wp-json\/wp\/v2\/media?parent=971"}],"wp:term":[{"taxonomy":"category","embeddable":true,"href":"https:\/\/www.kurbitur.net\/index.php\/wp-json\/wp\/v2\/categories?post=971"},{"taxonomy":"post_tag","embeddable":true,"href":"https:\/\/www.kurbitur.net\/index.php\/wp-json\/wp\/v2\/tags?post=971"}],"curies":[{"name":"wp","href":"https:\/\/api.w.org\/{rel}","templated":true}]}}